{"id":2994,"date":"2022-10-24T11:18:48","date_gmt":"2022-10-24T09:18:48","guid":{"rendered":"https:\/\/www.dolciadv.it\/dolci\/it\/?p=2994"},"modified":"2024-03-07T09:00:17","modified_gmt":"2024-03-07T08:00:17","slug":"lets-build-a-story-together","status":"publish","type":"post","link":"https:\/\/www.dolciadv.it\/it\/progetti\/lets-build-a-story-together\/","title":{"rendered":"Let\u2019s build a story together"},"content":{"rendered":"<p>Dedicato a chi pensa in grande.<br \/>\nIl viaggio di brand identity, strategia e comunicazione che Aran Contract ha intrapreso insieme a noi.               <\/p>\n<p>L\u2019ambizione di superare s\u00e9 stessi, lo sguardo oltre l\u2019orizzonte, lo spirito cosmopolita e internazionale, il Made in Italy a misura di mondo. Questa \u00e8 la nuova voce che abbiamo dato ad Aran Contract, la divisione business di Aran che arreda i grattacieli, gli uffici e gli alberghi pi\u00f9 importanti di tutto il mondo e che oggi \u00e8 in grado di parlare con i general contractor, i developer e i pi\u00f9 grandi studi di architettura posizionandosi come una vera e propria marca.<br \/>\nLa costruzione della nuova identit\u00e0 di Aran Contract, solida e distintiva, \u00e8 avvenuta grazie a un lavoro di strategia e comunicazione che abbiamo studiato e ideato a 4 mani con il cliente, seguendolo passo a passo e guidandolo in ogni fase del progetto.<br \/>\n\u201cLet\u2019s build a story together\u201d \u00e8 il titolo di questo viaggio. Il viaggio che Aran Contract intraprende ogni giorno con i suoi prestigiosi committenti internazionali, offrendo loro tutti i migliori strumenti per garantire la massima professionalit\u00e0, cura e dedizione.<br \/>\nEd \u00e8 il viaggio che noi ed Aran stiamo facendo insieme, per trasformare una forte Business Unit in una marca altrettanto forte.<\/p>\n","protected":false},"excerpt":{"rendered":"<p>Dedicato a chi pensa in grande. Il viaggio di brand identity, strategia e comunicazione che Aran Contract ha intrapreso insieme a noi. L\u2019ambizione di superare s\u00e9 stessi, lo sguardo oltre l\u2019orizzonte, lo spirito cosmopolita e internazionale, il Made in Italy a misura di mondo. Questa \u00e8 la nuova voce che abbiamo dato ad Aran Contract, &hellip; <a href=\"https:\/\/www.dolciadv.it\/it\/progetti\/lets-build-a-story-together\/\" class=\"more-link\">Leggi tutto<span class=\"screen-reader-text\"> &#8220;Let\u2019s build a story together&#8221;<\/span><\/a><\/p>\n","protected":false},"author":3,"featured_media":2995,"comment_status":"closed","ping_status":"closed","sticky":false,"template":"","format":"standard","meta":{"_acf_changed":false,"inline_featured_image":false,"footnotes":""},"categories":[20],"tags":[],"class_list":["post-2994","post","type-post","status-publish","format-standard","has-post-thumbnail","hentry","category-progetti"],"acf":[],"aioseo_notices":[],"_links":{"self":[{"href":"https:\/\/www.dolciadv.it\/it\/wp-json\/wp\/v2\/posts\/2994","targetHints":{"allow":["GET"]}}],"collection":[{"href":"https:\/\/www.dolciadv.it\/it\/wp-json\/wp\/v2\/posts"}],"about":[{"href":"https:\/\/www.dolciadv.it\/it\/wp-json\/wp\/v2\/types\/post"}],"author":[{"embeddable":true,"href":"https:\/\/www.dolciadv.it\/it\/wp-json\/wp\/v2\/users\/3"}],"replies":[{"embeddable":true,"href":"https:\/\/www.dolciadv.it\/it\/wp-json\/wp\/v2\/comments?post=2994"}],"version-history":[{"count":2,"href":"https:\/\/www.dolciadv.it\/it\/wp-json\/wp\/v2\/posts\/2994\/revisions"}],"predecessor-version":[{"id":3006,"href":"https:\/\/www.dolciadv.it\/it\/wp-json\/wp\/v2\/posts\/2994\/revisions\/3006"}],"wp:featuredmedia":[{"embeddable":true,"href":"https:\/\/www.dolciadv.it\/it\/wp-json\/wp\/v2\/media\/2995"}],"wp:attachment":[{"href":"https:\/\/www.dolciadv.it\/it\/wp-json\/wp\/v2\/media?parent=2994"}],"wp:term":[{"taxonomy":"category","embeddable":true,"href":"https:\/\/www.dolciadv.it\/it\/wp-json\/wp\/v2\/categories?post=2994"},{"taxonomy":"post_tag","embeddable":true,"href":"https:\/\/www.dolciadv.it\/it\/wp-json\/wp\/v2\/tags?post=2994"}],"curies":[{"name":"wp","href":"https:\/\/api.w.org\/{rel}","templated":true}]}}