{"id":2471,"date":"2020-12-02T18:42:14","date_gmt":"2020-12-02T17:42:14","guid":{"rendered":"https:\/\/www.dolciadv.it\/dolci\/it\/?p=2471"},"modified":"2024-10-17T16:09:37","modified_gmt":"2024-10-17T14:09:37","slug":"primo-e-caredent-rispondono-prontamente-al-mercato-anche-in-questo-momento-di-dubbi-e-incertezze","status":"publish","type":"post","link":"https:\/\/www.dolciadv.it\/it\/projects\/primo-e-caredent-rispondono-prontamente-al-mercato-anche-in-questo-momento-di-dubbi-e-incertezze\/","title":{"rendered":"Primo e Caredent rispondono prontamente al mercato. Anche in questo momento  di dubbi e incertezze"},"content":{"rendered":"<p>Primo e Caredent rispondono alle domande dei loro clienti con 140 centri al servizio del sorriso, noi rispondiamo alle richieste dei nostri con innovazione e creativit\u00e0. Siamo partiti da un brief con tanti paletti, sia per tutti quei \u201cnon si pu\u00f2 dire\u201d che impone la nuova regolamentazione sulla comunicazione dentistica, sia per tutti quei \u201cnon si pu\u00f2 fare\u201d dettati invece dal lockdown.<\/p>\n<p>Non potendo \u201cgirare\u201d, n\u00e9 a piedi n\u00e9 tanto meno con una steadycam, abbiamo scelto di percorrere un\u2019altra strada: l\u2019animazione grafica. Motion graphics, illustrazione e typography rappresentano un universo molto fertile e ancora tutto da inventare, ricco di sperimentazione e di possibili esplorazioni creative. In questa campagna tv, sviluppata in collaborazione con la casa di produzione inglese Nucco Brain e declinata poi anche su\u00a0 stampa, affissione, radio, materiali btl e web, abbiamo dato vita a un linguaggio creativo semplice ma efficace, capace di farsi notare in pubblicit\u00e0 perch\u00e9 ancora poco utilizzato. In fondo, questo lavoro ci conferma che fare creativit\u00e0 significa prima di tutto saper trasformare i limiti in nuove opportunit\u00e0 di comunicazione.<\/p>\n","protected":false},"excerpt":{"rendered":"<p>Primo e Caredent rispondono alle domande dei loro clienti con 140 centri al servizio del sorriso, noi rispondiamo alle richieste dei nostri con innovazione e creativit\u00e0. Siamo partiti da un brief con tanti paletti, sia per tutti quei \u201cnon si pu\u00f2 dire\u201d che impone la nuova regolamentazione sulla comunicazione dentistica, sia per tutti quei \u201cnon &hellip; <a href=\"https:\/\/www.dolciadv.it\/it\/projects\/primo-e-caredent-rispondono-prontamente-al-mercato-anche-in-questo-momento-di-dubbi-e-incertezze\/\" class=\"more-link\">Leggi tutto<span class=\"screen-reader-text\"> &#8220;Primo e Caredent rispondono prontamente al mercato. Anche in questo momento  di dubbi e incertezze&#8221;<\/span><\/a><\/p>\n","protected":false},"author":3,"featured_media":2509,"comment_status":"closed","ping_status":"closed","sticky":false,"template":"","format":"standard","meta":{"_acf_changed":false,"inline_featured_image":false,"footnotes":""},"categories":[],"tags":[],"class_list":["post-2471","post","type-post","status-publish","format-standard","has-post-thumbnail","hentry"],"acf":[],"aioseo_notices":[],"_links":{"self":[{"href":"https:\/\/www.dolciadv.it\/it\/wp-json\/wp\/v2\/posts\/2471","targetHints":{"allow":["GET"]}}],"collection":[{"href":"https:\/\/www.dolciadv.it\/it\/wp-json\/wp\/v2\/posts"}],"about":[{"href":"https:\/\/www.dolciadv.it\/it\/wp-json\/wp\/v2\/types\/post"}],"author":[{"embeddable":true,"href":"https:\/\/www.dolciadv.it\/it\/wp-json\/wp\/v2\/users\/3"}],"replies":[{"embeddable":true,"href":"https:\/\/www.dolciadv.it\/it\/wp-json\/wp\/v2\/comments?post=2471"}],"version-history":[{"count":6,"href":"https:\/\/www.dolciadv.it\/it\/wp-json\/wp\/v2\/posts\/2471\/revisions"}],"predecessor-version":[{"id":5190,"href":"https:\/\/www.dolciadv.it\/it\/wp-json\/wp\/v2\/posts\/2471\/revisions\/5190"}],"wp:featuredmedia":[{"embeddable":true,"href":"https:\/\/www.dolciadv.it\/it\/wp-json\/wp\/v2\/media\/2509"}],"wp:attachment":[{"href":"https:\/\/www.dolciadv.it\/it\/wp-json\/wp\/v2\/media?parent=2471"}],"wp:term":[{"taxonomy":"category","embeddable":true,"href":"https:\/\/www.dolciadv.it\/it\/wp-json\/wp\/v2\/categories?post=2471"},{"taxonomy":"post_tag","embeddable":true,"href":"https:\/\/www.dolciadv.it\/it\/wp-json\/wp\/v2\/tags?post=2471"}],"curies":[{"name":"wp","href":"https:\/\/api.w.org\/{rel}","templated":true}]}}