{"id":2383,"date":"2020-09-23T19:12:25","date_gmt":"2020-09-23T17:12:25","guid":{"rendered":"https:\/\/www.dolciadv.it\/dolci\/it\/?p=2383"},"modified":"2024-03-07T09:35:47","modified_gmt":"2024-03-07T08:35:47","slug":"storia-di-cesarina-la-vita-oltre-lalzheimer","status":"publish","type":"post","link":"https:\/\/www.dolciadv.it\/it\/progetti\/storia-di-cesarina-la-vita-oltre-lalzheimer\/","title":{"rendered":"Storia di Cesarina. La vita oltre l\u2019Alzheimer"},"content":{"rendered":"<p>Non \u00e8 facile raccontare l\u2019Alzheimer, ancora pi\u00f9 difficile \u00e8 raccontarlo con verit\u00e0, sensibilit\u00e0\u00a0e affetto. Noi ci abbiamo provato raccontando la storia di Cesarina.<\/p>\n<p>Lo sguardo dall\u2019interno che offre Anni Azzurri su tematiche cos\u00ec complesse e controverse\u00a0offre a tutti noi un momento di riflessione, il concetto \u201cBenvenuti a casa\u201d lanciato lo\u00a0scorso anno con una campagna integrata, invita tutti quelli che ancora non la conoscono\u00a0ad entrare in questa grande casa in cui c\u2019\u00e8 spazio per tutti anche, o forse soprattutto, per\u00a0Cesarina e per la sua famiglia.<\/p>\n<p>Per questo \u00e8 stato scelto di girare con persone reali che raccontano storie semplici e\u00a0autentiche, fatte di piccoli gesti quotidiani e di nuovo stupore per le piccole cose.<\/p>\n<p>Una sensibilit\u00e0 che hanno i bambini, che spesso sparisce con l\u2019et\u00e0 adulta e poi ritorna\u00a0nella terza et\u00e0. Perch\u00e9 \u201cgli anziani sono quelli che non dovendo pi\u00f9 rincorrere il futuro,\u00a0possono permettersi di vivere pienamente il loro presente.\u201d E noi ci auguriamo che questo\u00a0progetto di comunicazione sia servito prima di tutto a loro, gli ospiti, per sentirsi ancora\u00a0coinvolti e protagonisti di questa avvincente avventura che \u00e8 la vita.<\/p>\n<p>Il video \u00e8 stato realizzato prima del DPCM del 4 Marzo 2020, per questo i soggetti ritratti\u00a0non indossano dispositivi di protezione.<\/p>\n<p>La pianificazione del video \u00e8 iniziata luned\u00ec 21 settembre proprio in occasione della\u00a0giornata mondiale per l\u2019Alzheimer.<\/p>\n","protected":false},"excerpt":{"rendered":"<p>Non \u00e8 facile raccontare l\u2019Alzheimer, ancora pi\u00f9 difficile \u00e8 raccontarlo con verit\u00e0, sensibilit\u00e0\u00a0e affetto. Noi ci abbiamo provato raccontando la storia di Cesarina. Lo sguardo dall\u2019interno che offre Anni Azzurri su tematiche cos\u00ec complesse e controverse\u00a0offre a tutti noi un momento di riflessione, il concetto \u201cBenvenuti a casa\u201d lanciato lo\u00a0scorso anno con una campagna integrata, &hellip; <a href=\"https:\/\/www.dolciadv.it\/it\/progetti\/storia-di-cesarina-la-vita-oltre-lalzheimer\/\" class=\"more-link\">Leggi tutto<span class=\"screen-reader-text\"> &#8220;Storia di Cesarina. La vita oltre l\u2019Alzheimer&#8221;<\/span><\/a><\/p>\n","protected":false},"author":3,"featured_media":2385,"comment_status":"closed","ping_status":"closed","sticky":false,"template":"","format":"standard","meta":{"_acf_changed":false,"inline_featured_image":false,"footnotes":""},"categories":[20],"tags":[],"class_list":["post-2383","post","type-post","status-publish","format-standard","has-post-thumbnail","hentry","category-progetti"],"acf":[],"aioseo_notices":[],"_links":{"self":[{"href":"https:\/\/www.dolciadv.it\/it\/wp-json\/wp\/v2\/posts\/2383","targetHints":{"allow":["GET"]}}],"collection":[{"href":"https:\/\/www.dolciadv.it\/it\/wp-json\/wp\/v2\/posts"}],"about":[{"href":"https:\/\/www.dolciadv.it\/it\/wp-json\/wp\/v2\/types\/post"}],"author":[{"embeddable":true,"href":"https:\/\/www.dolciadv.it\/it\/wp-json\/wp\/v2\/users\/3"}],"replies":[{"embeddable":true,"href":"https:\/\/www.dolciadv.it\/it\/wp-json\/wp\/v2\/comments?post=2383"}],"version-history":[{"count":2,"href":"https:\/\/www.dolciadv.it\/it\/wp-json\/wp\/v2\/posts\/2383\/revisions"}],"predecessor-version":[{"id":2452,"href":"https:\/\/www.dolciadv.it\/it\/wp-json\/wp\/v2\/posts\/2383\/revisions\/2452"}],"wp:featuredmedia":[{"embeddable":true,"href":"https:\/\/www.dolciadv.it\/it\/wp-json\/wp\/v2\/media\/2385"}],"wp:attachment":[{"href":"https:\/\/www.dolciadv.it\/it\/wp-json\/wp\/v2\/media?parent=2383"}],"wp:term":[{"taxonomy":"category","embeddable":true,"href":"https:\/\/www.dolciadv.it\/it\/wp-json\/wp\/v2\/categories?post=2383"},{"taxonomy":"post_tag","embeddable":true,"href":"https:\/\/www.dolciadv.it\/it\/wp-json\/wp\/v2\/tags?post=2383"}],"curies":[{"name":"wp","href":"https:\/\/api.w.org\/{rel}","templated":true}]}}